{"id":1187,"date":"2024-08-26T18:55:59","date_gmt":"2024-08-26T16:55:59","guid":{"rendered":"https:\/\/czarnipalck.pl\/?p=1187"},"modified":"2024-08-26T18:57:00","modified_gmt":"2024-08-26T16:57:00","slug":"pierwszy-mecz-z-liwnem-zabor","status":"publish","type":"post","link":"https:\/\/czarnipalck.pl\/index.php\/2024\/08\/26\/pierwszy-mecz-z-liwnem-zabor\/","title":{"rendered":"Pierwszy mecz z Liwnem Zab\u00f3r"},"content":{"rendered":"\n<p>EDIT!<img decoding=\"async\" height=\"16\" width=\"16\" alt=\"\ud83d\udea8\" src=\"https:\/\/static.xx.fbcdn.net\/images\/emoji.php\/v9\/t83\/3\/16\/1f6a8.png\"> zmiana godziny meczu!<\/p>\n\n\n\n<p><img decoding=\"async\" height=\"16\" width=\"16\" alt=\"\ud83d\udce2\" src=\"https:\/\/static.xx.fbcdn.net\/images\/emoji.php\/v9\/t77\/3\/16\/1f4e2.png\"> Startujemy z nowym sezonem ligowym! <img decoding=\"async\" height=\"16\" width=\"16\" alt=\"\ud83d\udd25\" src=\"https:\/\/static.xx.fbcdn.net\/images\/emoji.php\/v9\/t8e\/3\/16\/1f525.png\"><img loading=\"lazy\" decoding=\"async\" height=\"16\" width=\"16\" alt=\"\u26bd\" src=\"https:\/\/static.xx.fbcdn.net\/images\/emoji.php\/v9\/tb1\/3\/16\/26bd.png\"><\/p>\n\n\n\n<p>Ju\u017c w najbli\u017csz\u0105 niedziel\u0119 inauguracja ligi. Nasz pierwszy mecz rozegramy z dru\u017cyn\u0105 <a href=\"https:\/\/www.facebook.com\/profile.php?id=100057412691656&amp;__cft__[0]=AZUyj7b1xsUT8flK60FEv49wYkV9jG8Gz7adwRkSEhjiQcxR5_FTUPG2bu5BZul4IgCx3_-mvadvtW5joLaWMjpP-vvVdF4xJVAHG0qIL1v6vPXH5UGPIZVVptnp0T8dGtejI7vWQ5yVbRY4CiyxgZWn5_53LSPnQ6hE6TPOjLAXxAHHeDjNiYKgtYj5dsn1Wr2DB-KgTw6r6OYRgoecazAp&amp;__tn__=-]K-R\">MILOS MEBLE Liwno Zab\u00f3r<\/a>. W poprzedniej rundzie spotkanie zako\u0144czy\u0142o si\u0119 wynikiem 0:3 dla naszego zespo\u0142u.<\/p>\n\n\n\n<p><a><\/a>Zapraszamy wszystkich kibic\u00f3w na godzin\u0119 12:00 do Zaboru! <img loading=\"lazy\" decoding=\"async\" height=\"16\" width=\"16\" alt=\"\ud83d\udcaa\" src=\"https:\/\/static.xx.fbcdn.net\/images\/emoji.php\/v9\/taa\/3\/16\/1f4aa.png\"><\/p>\n","protected":false},"excerpt":{"rendered":"<p>EDIT! zmiana godziny meczu! Startujemy z nowym sezonem ligowym! Ju\u017c w najbli\u017csz\u0105 niedziel\u0119 inauguracja ligi. Nasz pierwszy mecz rozegramy z dru\u017cyn\u0105 MILOS MEBLE Liwno Zab\u00f3r. W poprzedniej rundzie spotkanie zako\u0144czy\u0142o si\u0119 wynikiem 0:3 dla naszego zespo\u0142u. Zapraszamy wszystkich kibic\u00f3w na godzin\u0119 12:00 do Zaboru!<\/p>\n","protected":false},"author":1,"featured_media":1183,"comment_status":"open","ping_status":"open","sticky":false,"template":"","format":"standard","meta":{"footnotes":""},"categories":[1],"tags":[],"class_list":["post-1187","post","type-post","status-publish","format-standard","has-post-thumbnail","hentry","category-bez-kategorii"],"_links":{"self":[{"href":"https:\/\/czarnipalck.pl\/index.php\/wp-json\/wp\/v2\/posts\/1187","targetHints":{"allow":["GET"]}}],"collection":[{"href":"https:\/\/czarnipalck.pl\/index.php\/wp-json\/wp\/v2\/posts"}],"about":[{"href":"https:\/\/czarnipalck.pl\/index.php\/wp-json\/wp\/v2\/types\/post"}],"author":[{"embeddable":true,"href":"https:\/\/czarnipalck.pl\/index.php\/wp-json\/wp\/v2\/users\/1"}],"replies":[{"embeddable":true,"href":"https:\/\/czarnipalck.pl\/index.php\/wp-json\/wp\/v2\/comments?post=1187"}],"version-history":[{"count":1,"href":"https:\/\/czarnipalck.pl\/index.php\/wp-json\/wp\/v2\/posts\/1187\/revisions"}],"predecessor-version":[{"id":1188,"href":"https:\/\/czarnipalck.pl\/index.php\/wp-json\/wp\/v2\/posts\/1187\/revisions\/1188"}],"wp:featuredmedia":[{"embeddable":true,"href":"https:\/\/czarnipalck.pl\/index.php\/wp-json\/wp\/v2\/media\/1183"}],"wp:attachment":[{"href":"https:\/\/czarnipalck.pl\/index.php\/wp-json\/wp\/v2\/media?parent=1187"}],"wp:term":[{"taxonomy":"category","embeddable":true,"href":"https:\/\/czarnipalck.pl\/index.php\/wp-json\/wp\/v2\/categories?post=1187"},{"taxonomy":"post_tag","embeddable":true,"href":"https:\/\/czarnipalck.pl\/index.php\/wp-json\/wp\/v2\/tags?post=1187"}],"curies":[{"name":"wp","href":"https:\/\/api.w.org\/{rel}","templated":true}]}}