{"id":1379,"date":"2024-08-29T20:52:32","date_gmt":"2024-08-29T18:52:32","guid":{"rendered":"https:\/\/czarnipalck.pl\/?p=1379"},"modified":"2024-08-29T20:59:04","modified_gmt":"2024-08-29T18:59:04","slug":"pierwszy-mecz-na-naszym-bosiku","status":"publish","type":"post","link":"https:\/\/czarnipalck.pl\/index.php\/2024\/08\/29\/pierwszy-mecz-na-naszym-bosiku\/","title":{"rendered":"Pierwszy mecz na naszym bosiku"},"content":{"rendered":"\n<p>u\u017c w najbli\u017csz\u0105 niedziel\u0119 zmierzymy si\u0119 z dru\u017cyn\u0105 <a href=\"https:\/\/www.facebook.com\/lesnikslone?__cft__[0]=AZUWuPTkp-h1Y0sxAoJvzRbH25BZ1UyUU14Q9-3btExXOQAxPDOgWj1OGgtaF3IkgVF_mqPdiIYBqoKVKjFcvzBN7omA6IzjfyuIgu5GYSnZNXFE0w0-EJJ5aeUfkYoBsGwt04wpeGAI8dEtBwH66JDly2KzOPPA2iSIPmJi3T1oPZfOU7jKTM43KJQLuV0fDsKiiTAcUlx5xMN2k2J78Yke&amp;__tn__=-]K-R\">Klub Sportowy &#8222;Le\u015bnik&#8221; S\u0142one<\/a>. W poprzedniej rundzie spotkanie zako\u0144czy\u0142o si\u0119 wynikiem 6:3 na nasz\u0105 korzy\u015b\u0107.<\/p>\n\n\n\n<p>Sponsorem meczu jest firma <a href=\"https:\/\/www.facebook.com\/profile.php?id=100064067890934&amp;__cft__[0]=AZUWuPTkp-h1Y0sxAoJvzRbH25BZ1UyUU14Q9-3btExXOQAxPDOgWj1OGgtaF3IkgVF_mqPdiIYBqoKVKjFcvzBN7omA6IzjfyuIgu5GYSnZNXFE0w0-EJJ5aeUfkYoBsGwt04wpeGAI8dEtBwH66JDly2KzOPPA2iSIPmJi3T1oPZfOU7jKTM43KJQLuV0fDsKiiTAcUlx5xMN2k2J78Yke&amp;__tn__=-]K-R\">WPD ogrodzenia lubuskie<\/a>, dzi\u0119kujemy za zaufanie i wsparcie finansowe! <img decoding=\"async\" height=\"16\" width=\"16\" alt=\"\ud83e\udd1d\" src=\"https:\/\/static.xx.fbcdn.net\/images\/emoji.php\/v9\/ta2\/3\/16\/1f91d.png\"><\/p>\n\n\n\n<p><a><\/a>Zapraszamy serdecznie na pierwszy mecz domowy w tym sezonie, widzimy si\u0119 o 11:00 w Pa\u0142cku. <img decoding=\"async\" height=\"16\" width=\"16\" alt=\"\ud83d\udcaa\" src=\"https:\/\/static.xx.fbcdn.net\/images\/emoji.php\/v9\/taa\/3\/16\/1f4aa.png\"><img decoding=\"async\" height=\"16\" width=\"16\" alt=\"\ud83d\udc40\" src=\"https:\/\/static.xx.fbcdn.net\/images\/emoji.php\/v9\/t6\/3\/16\/1f440.png\"><\/p>\n\n\n\n<p><\/p>\n","protected":false},"excerpt":{"rendered":"<p>u\u017c w najbli\u017csz\u0105 niedziel\u0119 zmierzymy si\u0119 z dru\u017cyn\u0105 Klub Sportowy &#8222;Le\u015bnik&#8221; S\u0142one. W poprzedniej rundzie spotkanie zako\u0144czy\u0142o si\u0119 wynikiem 6:3 na nasz\u0105 korzy\u015b\u0107. Sponsorem meczu jest firma WPD ogrodzenia lubuskie, dzi\u0119kujemy za zaufanie i wsparcie finansowe! Zapraszamy serdecznie na pierwszy mecz domowy w tym sezonie, widzimy si\u0119 o 11:00 w Pa\u0142cku.<\/p>\n","protected":false},"author":1,"featured_media":1383,"comment_status":"open","ping_status":"open","sticky":false,"template":"","format":"standard","meta":{"footnotes":""},"categories":[1],"tags":[],"class_list":["post-1379","post","type-post","status-publish","format-standard","has-post-thumbnail","hentry","category-bez-kategorii"],"_links":{"self":[{"href":"https:\/\/czarnipalck.pl\/index.php\/wp-json\/wp\/v2\/posts\/1379","targetHints":{"allow":["GET"]}}],"collection":[{"href":"https:\/\/czarnipalck.pl\/index.php\/wp-json\/wp\/v2\/posts"}],"about":[{"href":"https:\/\/czarnipalck.pl\/index.php\/wp-json\/wp\/v2\/types\/post"}],"author":[{"embeddable":true,"href":"https:\/\/czarnipalck.pl\/index.php\/wp-json\/wp\/v2\/users\/1"}],"replies":[{"embeddable":true,"href":"https:\/\/czarnipalck.pl\/index.php\/wp-json\/wp\/v2\/comments?post=1379"}],"version-history":[{"count":1,"href":"https:\/\/czarnipalck.pl\/index.php\/wp-json\/wp\/v2\/posts\/1379\/revisions"}],"predecessor-version":[{"id":1381,"href":"https:\/\/czarnipalck.pl\/index.php\/wp-json\/wp\/v2\/posts\/1379\/revisions\/1381"}],"wp:featuredmedia":[{"embeddable":true,"href":"https:\/\/czarnipalck.pl\/index.php\/wp-json\/wp\/v2\/media\/1383"}],"wp:attachment":[{"href":"https:\/\/czarnipalck.pl\/index.php\/wp-json\/wp\/v2\/media?parent=1379"}],"wp:term":[{"taxonomy":"category","embeddable":true,"href":"https:\/\/czarnipalck.pl\/index.php\/wp-json\/wp\/v2\/categories?post=1379"},{"taxonomy":"post_tag","embeddable":true,"href":"https:\/\/czarnipalck.pl\/index.php\/wp-json\/wp\/v2\/tags?post=1379"}],"curies":[{"name":"wp","href":"https:\/\/api.w.org\/{rel}","templated":true}]}}