{"id":1415,"date":"2024-09-08T09:29:54","date_gmt":"2024-09-08T07:29:54","guid":{"rendered":"https:\/\/czarnipalck.pl\/?p=1415"},"modified":"2025-03-06T23:40:24","modified_gmt":"2025-03-06T22:40:24","slug":"jedziemy-do-rakowa","status":"publish","type":"post","link":"https:\/\/czarnipalck.pl\/index.php\/2024\/09\/08\/jedziemy-do-rakowa\/","title":{"rendered":"Jedziemy do Rakowa"},"content":{"rendered":"\n<p>Ju\u017c w najbli\u017csz\u0105 niedziel\u0119 zagramy drugi mecz wyjazdowy z dru\u017cyn\u0105 <a href=\"https:\/\/www.facebook.com\/profile.php?id=100057233990001&amp;__cft__[0]=AZV-BpOdRSw4X6KQXOpRFP3yxm7tP88XAAhBNhj6VOm_w9pndyEzNbWPmXbFUvbcSvqk9uw6GQH1qjQkFOKlmnEtpgaiugJibp2i1JnJxdpw1Utfl3cv7AvWz1VYdxogRlVx7ewlfGKk9zrrBLApo95FOnMlyEhui3PHT6iejPr8PhPn465pVRAi-3OgO0wI1euSPRHK15uwqePMQwukG1-G&amp;__tn__=-]K-R\">Rakovia RAK\u00d3W<\/a>. Ostatnie spotkanie zako\u0144czy\u0142o si\u0119 naszym zwyci\u0119stwem w stosunku 2:3.<\/p>\n\n\n\n<p>Zapraszamy serdecznie wszystkich kibic\u00f3w na godzin\u0119 12:00 do Rakowa! <img decoding=\"async\" height=\"16\" width=\"16\" alt=\"\ud83d\udcaa\" src=\"https:\/\/static.xx.fbcdn.net\/images\/emoji.php\/v9\/taa\/3\/16\/1f4aa.png\"><\/p>\n","protected":false},"excerpt":{"rendered":"<p>Ju\u017c w najbli\u017csz\u0105 niedziel\u0119 zagramy drugi mecz wyjazdowy z dru\u017cyn\u0105 Rakovia RAK\u00d3W. Ostatnie spotkanie zako\u0144czy\u0142o si\u0119 naszym zwyci\u0119stwem w stosunku 2:3. Zapraszamy serdecznie wszystkich kibic\u00f3w na godzin\u0119 12:00 do Rakowa!<\/p>\n","protected":false},"author":1,"featured_media":1626,"comment_status":"open","ping_status":"open","sticky":false,"template":"","format":"standard","meta":{"footnotes":""},"categories":[1],"tags":[],"class_list":["post-1415","post","type-post","status-publish","format-standard","has-post-thumbnail","hentry","category-bez-kategorii"],"_links":{"self":[{"href":"https:\/\/czarnipalck.pl\/index.php\/wp-json\/wp\/v2\/posts\/1415","targetHints":{"allow":["GET"]}}],"collection":[{"href":"https:\/\/czarnipalck.pl\/index.php\/wp-json\/wp\/v2\/posts"}],"about":[{"href":"https:\/\/czarnipalck.pl\/index.php\/wp-json\/wp\/v2\/types\/post"}],"author":[{"embeddable":true,"href":"https:\/\/czarnipalck.pl\/index.php\/wp-json\/wp\/v2\/users\/1"}],"replies":[{"embeddable":true,"href":"https:\/\/czarnipalck.pl\/index.php\/wp-json\/wp\/v2\/comments?post=1415"}],"version-history":[{"count":1,"href":"https:\/\/czarnipalck.pl\/index.php\/wp-json\/wp\/v2\/posts\/1415\/revisions"}],"predecessor-version":[{"id":1417,"href":"https:\/\/czarnipalck.pl\/index.php\/wp-json\/wp\/v2\/posts\/1415\/revisions\/1417"}],"wp:featuredmedia":[{"embeddable":true,"href":"https:\/\/czarnipalck.pl\/index.php\/wp-json\/wp\/v2\/media\/1626"}],"wp:attachment":[{"href":"https:\/\/czarnipalck.pl\/index.php\/wp-json\/wp\/v2\/media?parent=1415"}],"wp:term":[{"taxonomy":"category","embeddable":true,"href":"https:\/\/czarnipalck.pl\/index.php\/wp-json\/wp\/v2\/categories?post=1415"},{"taxonomy":"post_tag","embeddable":true,"href":"https:\/\/czarnipalck.pl\/index.php\/wp-json\/wp\/v2\/tags?post=1415"}],"curies":[{"name":"wp","href":"https:\/\/api.w.org\/{rel}","templated":true}]}}