{"id":1447,"date":"2025-03-07T15:00:00","date_gmt":"2025-03-07T14:00:00","guid":{"rendered":"https:\/\/czarnipalck.pl\/?p=1447"},"modified":"2025-03-07T11:49:21","modified_gmt":"2025-03-07T10:49:21","slug":"pierwsza-runda-pucharu-polski","status":"publish","type":"post","link":"https:\/\/czarnipalck.pl\/index.php\/2025\/03\/07\/pierwsza-runda-pucharu-polski\/","title":{"rendered":"\ud83c\udfc6 PUCHAROWE GRANIE! CZAS NA POLONI\u0118 NOWE KRAMSKO! \u26bd\ud83d\udd25"},"content":{"rendered":"\n<p>Po d\u0142ugiej, zimowej przerwie wracamy na boisko, ale nie na spokojne przetarcie, tylko <strong>od razu na powa\u017cnie!<\/strong> W pierwszej rundzie Pucharu Polski zmierzymy si\u0119 z <strong>Poloni\u0105 Nowe Kramsko<\/strong>, czyli dru\u017cyn\u0105, z kt\u00f3r\u0105 zawsze toczymy <strong>zaci\u0119te boje<\/strong>. Ostatnie ligowe starcie zako\u0144czy\u0142o si\u0119 <strong>nasz\u0105 pora\u017ck\u0105 3:2<\/strong>, ale kto ogl\u0105da\u0142 ten mecz, ten wie, \u017ce by\u0142o to starcie nie tylko <strong>intensywne, ale momentami wr\u0119cz brutalne<\/strong>. Wtedy zabrak\u0142o nam troch\u0119 szcz\u0119\u015bcia i ch\u0142odnej g\u0142owy.<\/p>\n\n\n\n<h2 class=\"wp-block-heading\">\ud83d\udd04 PRZEBUDOWA DRU\u017bYNY \u2013 NOWY TRENER, NOWE TWARZE, JEDEN CEL<\/h2>\n\n\n\n<p>Zimowa przerwa przynios\u0142a <strong>spore zmiany<\/strong>. Kilku zawodnik\u00f3w postanowi\u0142o p\u00f3j\u015b\u0107 swoj\u0105 drog\u0105 \u2013 niekt\u00f3rzy w dobrej atmosferze, inni\u2026 c\u00f3\u017c, mo\u017ce kiedy\u015b wr\u00f3c\u0105, mo\u017ce nie, ale \u017cycie (i pi\u0142ka) toczy si\u0119 dalej. \ud83d\ude09 Na ich miejsce przysz\u0142y nowe twarze, a najwi\u0119ksz\u0105 zmian\u0105 jest <strong>nowy trener \u2013 Pawe\u0142 Maliszewski<\/strong>, kt\u00f3ry wni\u00f3s\u0142 <strong>now\u0105 energi\u0119, pomys\u0142 na gr\u0119 i konkretne wymagania<\/strong>.<\/p>\n\n\n\n<p>Przygotowania nie by\u0142y \u0142atwe \u2013 rozegrali\u015bmy <strong>siedem sparing\u00f3w<\/strong>, kt\u00f3re pokaza\u0142y zar\u00f3wno nasze mocne strony, jak i elementy do poprawy. Teraz jednak nie ma ju\u017c miejsca na eksperymenty \u2013 <strong>czas na prawdziwy test<\/strong>!<\/p>\n\n\n\n<h2 class=\"wp-block-heading\">\ud83d\udd25 POLONIA NOWE KRAMSKO \u2013 RYWAL, KT\u00d3REGO DOBRZE ZNAMY<\/h2>\n\n\n\n<p>Nie ma co si\u0119 oszukiwa\u0107 \u2013 <strong>z Poloni\u0105 zawsze iskrzy<\/strong>. To dru\u017cyna, kt\u00f3ra gra <strong>twardo, nie odpuszcza i potrafi wej\u015b\u0107 w kontakt tak, \u017ce potem pami\u0119tasz to przez tydzie\u0144<\/strong>. Nasze ostatnie ligowe starcie nie by\u0142o wyj\u0105tkiem \u2013 <strong>du\u017co walki, du\u017co emocji i niestety wynik nie po naszej my\u015bli<\/strong>. Teraz mamy szans\u0119 <strong>pokaza\u0107 si\u0119 z lepszej strony, ale wiemy, \u017ce lekko nie b\u0119dzie<\/strong>.<\/p>\n\n\n\n<h3 class=\"wp-block-heading\">\ud83d\udcc5 <strong>DATA MECZU: Niedziela<\/strong><\/h3>\n\n\n\n<p>\ud83d\udccd <strong>Miejsce: Stadion Kolesin<\/strong><br>\u23f0 <strong>Godzina: 13:00<\/strong><\/p>\n","protected":false},"excerpt":{"rendered":"<p>Po d\u0142ugiej, zimowej przerwie wracamy na boisko, ale nie na spokojne przetarcie, tylko od razu na powa\u017cnie! W pierwszej rundzie Pucharu Polski zmierzymy si\u0119 z Poloni\u0105 Nowe Kramsko, czyli dru\u017cyn\u0105, z kt\u00f3r\u0105 zawsze toczymy zaci\u0119te boje. Ostatnie ligowe starcie zako\u0144czy\u0142o si\u0119 nasz\u0105 pora\u017ck\u0105 3:2, ale kto ogl\u0105da\u0142 ten mecz, ten wie, \u017ce by\u0142o to starcie [&hellip;]<\/p>\n","protected":false},"author":1,"featured_media":1446,"comment_status":"open","ping_status":"open","sticky":false,"template":"","format":"standard","meta":{"footnotes":""},"categories":[45],"tags":[48,49,51,52,47,46],"class_list":["post-1447","post","type-post","status-publish","format-standard","has-post-thumbnail","hentry","category-puchar-polski","tag-czarni","tag-gramy","tag-mecz","tag-pilka-noza","tag-polonia","tag-puchar-polski"],"_links":{"self":[{"href":"https:\/\/czarnipalck.pl\/index.php\/wp-json\/wp\/v2\/posts\/1447","targetHints":{"allow":["GET"]}}],"collection":[{"href":"https:\/\/czarnipalck.pl\/index.php\/wp-json\/wp\/v2\/posts"}],"about":[{"href":"https:\/\/czarnipalck.pl\/index.php\/wp-json\/wp\/v2\/types\/post"}],"author":[{"embeddable":true,"href":"https:\/\/czarnipalck.pl\/index.php\/wp-json\/wp\/v2\/users\/1"}],"replies":[{"embeddable":true,"href":"https:\/\/czarnipalck.pl\/index.php\/wp-json\/wp\/v2\/comments?post=1447"}],"version-history":[{"count":7,"href":"https:\/\/czarnipalck.pl\/index.php\/wp-json\/wp\/v2\/posts\/1447\/revisions"}],"predecessor-version":[{"id":1455,"href":"https:\/\/czarnipalck.pl\/index.php\/wp-json\/wp\/v2\/posts\/1447\/revisions\/1455"}],"wp:featuredmedia":[{"embeddable":true,"href":"https:\/\/czarnipalck.pl\/index.php\/wp-json\/wp\/v2\/media\/1446"}],"wp:attachment":[{"href":"https:\/\/czarnipalck.pl\/index.php\/wp-json\/wp\/v2\/media?parent=1447"}],"wp:term":[{"taxonomy":"category","embeddable":true,"href":"https:\/\/czarnipalck.pl\/index.php\/wp-json\/wp\/v2\/categories?post=1447"},{"taxonomy":"post_tag","embeddable":true,"href":"https:\/\/czarnipalck.pl\/index.php\/wp-json\/wp\/v2\/tags?post=1447"}],"curies":[{"name":"wp","href":"https:\/\/api.w.org\/{rel}","templated":true}]}}