{"id":1666,"date":"2025-03-20T14:19:56","date_gmt":"2025-03-20T13:19:56","guid":{"rendered":"https:\/\/czarnipalck.pl\/?p=1666"},"modified":"2025-03-20T14:19:56","modified_gmt":"2025-03-20T13:19:56","slug":"wielki-powrot-do-ligowych-zmagan","status":"publish","type":"post","link":"https:\/\/czarnipalck.pl\/index.php\/2025\/03\/20\/wielki-powrot-do-ligowych-zmagan\/","title":{"rendered":"Wielki powr\u00f3t do ligowych zmaga\u0144!"},"content":{"rendered":"\n<p>D\u0142ugo czekali\u015bmy, ale w ko\u0144cu jest \u2013 pierwszy mecz rundy wiosennej! Po tygodniach trening\u00f3w, sparing\u00f3w w mrozie i \u015bniegu, a nawet pucharowych emocji, wracamy na ligowe boiska. Ju\u017c w najbli\u017csz\u0105 niedziel\u0119 23 marca o 12:45 w Pa\u0142cku podejmiemy Liwno Zab\u00f3r, czyli pi\u0105t\u0105 dru\u017cyn\u0119 tabeli.<\/p>\n\n\n\n<h3 class=\"wp-block-heading\"><strong>Zima, transfery i sparingowa sinusoida<\/strong><\/h3>\n\n\n\n<p>Okres przygotowawczy to by\u0142 prawdziwy rollercoaster. Mecze towarzyskie pe\u0142ne wzlot\u00f3w i upadk\u00f3w, zmiany w sk\u0142adzie, nowy trener \u2013 dzia\u0142o si\u0119! Przeciwnik\u00f3w ogrywali\u015bmy dwucyfr\u00f3wkami, ale te\u017c czasem dostawali\u015bmy zimny prysznic. Co najwa\u017cniejsze \u2013 ch\u0142opaki dostali solidn\u0105 dawk\u0119 grania, a sztab mia\u0142 okazj\u0119 posk\u0142ada\u0107 klocki przed startem rundy.<\/p>\n\n\n\n<p>W Pucharze Polski te\u017c dali\u015bmy kibicom troch\u0119 emocji \u2013 po meczu pe\u0142nym zwrot\u00f3w akcji pokonali\u015bmy Poloni\u0119 Nowe Kramsko i zameldowali\u015bmy si\u0119 w kolejnej rundzie. Warto doda\u0107, \u017ce nawet graj\u0105c w os\u0142abieniu, potrafili\u015bmy postawi\u0107 na swoim. Zesp\u00f3\u0142 pokaza\u0142 charakter, a \u0141ukasz Partyka zamkn\u0105\u0142 spotkanie w doliczonym czasie gry. Po prostu \u2013 klasa!<\/p>\n\n\n\n<h3 class=\"wp-block-heading\"><strong>Liwno Zab\u00f3r \u2013 ostro\u017cnie, ale bez strachu<\/strong><\/h3>\n\n\n\n<p>Nasza ostatnia konfrontacja z Liwnem to prawdziwy pokaz si\u0142y \u2013 wygrana 10:1 m\u00f3wi sama za siebie. Ale, ale\u2026 nie zamierzamy nikogo lekcewa\u017cy\u0107! Pi\u0105te miejsce w tabeli pokazuje, \u017ce to solidna ekipa, kt\u00f3ra potrafi napsu\u0107 krwi rywalom. Do Pa\u0142cka na pewno przyjad\u0105 zmotywowani, wi\u0119c czeka nas ciekawe starcie.<\/p>\n\n\n\n<h3 class=\"wp-block-heading\"><strong>Kilka s\u0142\u00f3w o stanie ekipy<\/strong><\/h3>\n\n\n\n<p>Niestety, jeden z naszych wojownik\u00f3w, Gracjan Kr\u00f3l, przez kontuzj\u0119 palca b\u0119dzie musia\u0142 na chwil\u0119 po\u017cegna\u0107 si\u0119 z boiskiem. Ale znamy Gracjana \u2013 wr\u00f3ci wypocz\u0119ty, silniejszy i gotowy do dalszej walki! Reszta dru\u017cyny czuje g\u0142\u00f3d gry, atmosfera w szatni jest dobra, wi\u0119c w niedziel\u0119 wychodzimy na pe\u0142nej mocy!<\/p>\n\n\n\n<h3 class=\"wp-block-heading\"><strong>Widzimy si\u0119 w niedziel\u0119!<\/strong><\/h3>\n\n\n\n<p>Mecz startuje o 12:45, wi\u0119c nie ma wym\u00f3wek! Niedzielny obiad mo\u017cna zje\u015b\u0107 p\u00f3\u017aniej, a najlepiej \u015bwi\u0119towa\u0107 go po naszym zwyci\u0119stwie. Zapraszamy wszystkich kibic\u00f3w na trybuny \u2013 wsp\u00f3lnie rozpocznijmy rund\u0119 wiosenn\u0105 z przytupem!<\/p>\n","protected":false},"excerpt":{"rendered":"<p>D\u0142ugo czekali\u015bmy, ale w ko\u0144cu jest \u2013 pierwszy mecz rundy wiosennej! Po tygodniach trening\u00f3w, sparing\u00f3w w mrozie i \u015bniegu, a nawet pucharowych emocji, wracamy na ligowe boiska. Ju\u017c w najbli\u017csz\u0105 niedziel\u0119 23 marca o 12:45 w Pa\u0142cku podejmiemy Liwno Zab\u00f3r, czyli pi\u0105t\u0105 dru\u017cyn\u0119 tabeli. Zima, transfery i sparingowa sinusoida Okres przygotowawczy to by\u0142 prawdziwy rollercoaster. [&hellip;]<\/p>\n","protected":false},"author":1,"featured_media":1667,"comment_status":"open","ping_status":"open","sticky":false,"template":"","format":"standard","meta":{"footnotes":""},"categories":[32],"tags":[],"class_list":["post-1666","post","type-post","status-publish","format-standard","has-post-thumbnail","hentry","category-liga"],"_links":{"self":[{"href":"https:\/\/czarnipalck.pl\/index.php\/wp-json\/wp\/v2\/posts\/1666","targetHints":{"allow":["GET"]}}],"collection":[{"href":"https:\/\/czarnipalck.pl\/index.php\/wp-json\/wp\/v2\/posts"}],"about":[{"href":"https:\/\/czarnipalck.pl\/index.php\/wp-json\/wp\/v2\/types\/post"}],"author":[{"embeddable":true,"href":"https:\/\/czarnipalck.pl\/index.php\/wp-json\/wp\/v2\/users\/1"}],"replies":[{"embeddable":true,"href":"https:\/\/czarnipalck.pl\/index.php\/wp-json\/wp\/v2\/comments?post=1666"}],"version-history":[{"count":1,"href":"https:\/\/czarnipalck.pl\/index.php\/wp-json\/wp\/v2\/posts\/1666\/revisions"}],"predecessor-version":[{"id":1668,"href":"https:\/\/czarnipalck.pl\/index.php\/wp-json\/wp\/v2\/posts\/1666\/revisions\/1668"}],"wp:featuredmedia":[{"embeddable":true,"href":"https:\/\/czarnipalck.pl\/index.php\/wp-json\/wp\/v2\/media\/1667"}],"wp:attachment":[{"href":"https:\/\/czarnipalck.pl\/index.php\/wp-json\/wp\/v2\/media?parent=1666"}],"wp:term":[{"taxonomy":"category","embeddable":true,"href":"https:\/\/czarnipalck.pl\/index.php\/wp-json\/wp\/v2\/categories?post=1666"},{"taxonomy":"post_tag","embeddable":true,"href":"https:\/\/czarnipalck.pl\/index.php\/wp-json\/wp\/v2\/tags?post=1666"}],"curies":[{"name":"wp","href":"https:\/\/api.w.org\/{rel}","templated":true}]}}