{"id":1686,"date":"2025-03-24T08:39:59","date_gmt":"2025-03-24T07:39:59","guid":{"rendered":"https:\/\/czarnipalck.pl\/?p=1686"},"modified":"2025-04-28T13:22:40","modified_gmt":"2025-04-28T11:22:40","slug":"udana-inauguracja-rundy-czarni-pokonuja-liwno-42","status":"publish","type":"post","link":"https:\/\/czarnipalck.pl\/index.php\/2025\/03\/24\/udana-inauguracja-rundy-czarni-pokonuja-liwno-42\/","title":{"rendered":"Udana inauguracja rundy \u2013 Czarni pokonuj\u0105 Liwno 4:2!"},"content":{"rendered":"\n<p>D\u0142ugo wyczekiwany start rundy wiosennej za nami! W pierwszym ligowym meczu po zimowej przerwie Czarni Pa\u0142ck zmierzyli si\u0119 na w\u0142asnym boisku z pi\u0105t\u0105 dru\u017cyn\u0105 tabeli \u2013 Liwnem Zab\u00f3r. Cho\u0107 ostateczny wynik 4:2 mo\u017ce sugerowa\u0107 pewne zwyci\u0119stwo, to na boisku wcale nie by\u0142o tak spokojnie. Mecz obfitowa\u0142 w emocje, a nasza dru\u017cyna musia\u0142a przez 90 minut utrzyma\u0107 koncentracj\u0119, bo rywale nie zamierzali odpuszcza\u0107.<\/p>\n\n\n\n<h3 class=\"wp-block-heading\"><strong>To my rozdawali\u015bmy karty, ale rywale nie dawali za wygran\u0105<\/strong><\/h3>\n\n\n\n<p>Od pierwszego gwizdka przej\u0119li\u015bmy inicjatyw\u0119 i narzucili\u015bmy sw\u00f3j styl gry. <strong>\u0141ukasz Partyka<\/strong> jako pierwszy wpisa\u0142 si\u0119 na list\u0119 strzelc\u00f3w, otwieraj\u0105c wynik spotkania. Nie zd\u0105\u017cyli\u015bmy si\u0119 jeszcze dobrze nacieszy\u0107 prowadzeniem, a ju\u017c chwil\u0119 p\u00f3\u017aniej arbiter uzna\u0142, \u017ce trzeba podgrza\u0107 atmosfer\u0119 i wskaza\u0142 na wapno. Rywale wykorzystali jedenastk\u0119 i znowu zaczynali\u015bmy od nowa.<\/p>\n\n\n\n<p>Nie dali\u015bmy si\u0119 jednak wybi\u0107 z rytmu i ponownie wyszli\u015bmy na prowadzenie za spraw\u0105 <strong>Wandile Esposito<\/strong>. Szybko, sk\u0142adnie, skutecznie \u2013 tak w\u0142a\u015bnie chcemy gra\u0107! Niestety, historia lubi si\u0119 powtarza\u0107, a my zn\u00f3w nie zd\u0105\u017cyli\u015bmy utrzyma\u0107 prowadzenia na d\u0142u\u017cej. S\u0119dzia po raz kolejny dopatrzy\u0142 si\u0119 przewinienia w naszym polu karnym i zn\u00f3w musieli\u015bmy ogl\u0105da\u0107, jak rywale podchodz\u0105 do jedenastki. Drugi karny \u2013 drugi gol dla go\u015bci.<\/p>\n\n\n\n<h3 class=\"wp-block-heading\"><strong>Zachowali\u015bmy zimn\u0105 krew<\/strong><\/h3>\n\n\n\n<p>Mimo \u017ce przeciwnik wykazywa\u0142 si\u0119 niezwyk\u0142\u0105 skuteczno\u015bci\u0105 z 11 metr\u00f3w, to w grze otwartej byli\u015bmy zespo\u0142em zdecydowanie lepszym. <strong>Mi\u0142osz Korycki<\/strong> trafi\u0142 na 3:2, zn\u00f3w daj\u0105c nam prowadzenie, a w ko\u0144c\u00f3wce meczu <strong>Thsepisho Monedi<\/strong> postawi\u0142 kropk\u0119 nad &#8222;i&#8221;, piecz\u0119tuj\u0105c zwyci\u0119stwo.<\/p>\n\n\n\n<p>Podsumowuj\u0105c \u2013 prowadzili\u015bmy, dominowali\u015bmy, ale zabrak\u0142o troch\u0119 koncentracji po zdobytych bramkach. Rywale skutecznie wykorzystywali rzuty karne, jednak z gry nie byli w stanie nam zagrozi\u0107. Ciesz\u0105 trzy punkty i dobra postawa zespo\u0142u, ale przed nami jeszcze du\u017co pracy, by unika\u0107 takich nerwowych moment\u00f3w.<\/p>\n\n\n\n<p><strong>Dzi\u0119kujemy kibicom za wsparcie i widzimy si\u0119 na kolejnym meczu!<\/strong> \ud83d\udd25\u26bd<\/p>\n\n\n\n<p><\/p>\n","protected":false},"excerpt":{"rendered":"<p>D\u0142ugo wyczekiwany start rundy wiosennej za nami! W pierwszym ligowym meczu po zimowej przerwie Czarni Pa\u0142ck zmierzyli si\u0119 na w\u0142asnym boisku z pi\u0105t\u0105 dru\u017cyn\u0105 tabeli \u2013 Liwnem Zab\u00f3r. Cho\u0107 ostateczny wynik 4:2 mo\u017ce sugerowa\u0107 pewne zwyci\u0119stwo, to na boisku wcale nie by\u0142o tak spokojnie. Mecz obfitowa\u0142 w emocje, a nasza dru\u017cyna musia\u0142a przez 90 minut [&hellip;]<\/p>\n","protected":false},"author":1,"featured_media":1687,"comment_status":"open","ping_status":"open","sticky":false,"template":"","format":"standard","meta":{"footnotes":""},"categories":[32],"tags":[],"class_list":["post-1686","post","type-post","status-publish","format-standard","has-post-thumbnail","hentry","category-liga"],"_links":{"self":[{"href":"https:\/\/czarnipalck.pl\/index.php\/wp-json\/wp\/v2\/posts\/1686","targetHints":{"allow":["GET"]}}],"collection":[{"href":"https:\/\/czarnipalck.pl\/index.php\/wp-json\/wp\/v2\/posts"}],"about":[{"href":"https:\/\/czarnipalck.pl\/index.php\/wp-json\/wp\/v2\/types\/post"}],"author":[{"embeddable":true,"href":"https:\/\/czarnipalck.pl\/index.php\/wp-json\/wp\/v2\/users\/1"}],"replies":[{"embeddable":true,"href":"https:\/\/czarnipalck.pl\/index.php\/wp-json\/wp\/v2\/comments?post=1686"}],"version-history":[{"count":1,"href":"https:\/\/czarnipalck.pl\/index.php\/wp-json\/wp\/v2\/posts\/1686\/revisions"}],"predecessor-version":[{"id":1688,"href":"https:\/\/czarnipalck.pl\/index.php\/wp-json\/wp\/v2\/posts\/1686\/revisions\/1688"}],"wp:featuredmedia":[{"embeddable":true,"href":"https:\/\/czarnipalck.pl\/index.php\/wp-json\/wp\/v2\/media\/1687"}],"wp:attachment":[{"href":"https:\/\/czarnipalck.pl\/index.php\/wp-json\/wp\/v2\/media?parent=1686"}],"wp:term":[{"taxonomy":"category","embeddable":true,"href":"https:\/\/czarnipalck.pl\/index.php\/wp-json\/wp\/v2\/categories?post=1686"},{"taxonomy":"post_tag","embeddable":true,"href":"https:\/\/czarnipalck.pl\/index.php\/wp-json\/wp\/v2\/tags?post=1686"}],"curies":[{"name":"wp","href":"https:\/\/api.w.org\/{rel}","templated":true}]}}