{"id":1693,"date":"2025-04-01T20:01:47","date_gmt":"2025-04-01T18:01:47","guid":{"rendered":"https:\/\/czarnipalck.pl\/?p=1693"},"modified":"2025-04-28T13:22:28","modified_gmt":"2025-04-28T11:22:28","slug":"czarni-palck-wywoza-3-punkty-z-slonego-pola-bitwy","status":"publish","type":"post","link":"https:\/\/czarnipalck.pl\/index.php\/2025\/04\/01\/czarni-palck-wywoza-3-punkty-z-slonego-pola-bitwy\/","title":{"rendered":"Czarni Pa\u0142ck wywo\u017c\u0105 3 punkty z S\u0142onego pola bitwy!"},"content":{"rendered":"\n<p>Nie by\u0142o lekko, ale najwa\u017cniejsze, \u017ce 3 punkty wracaj\u0105 do Pa\u0142cka! Le\u015bnik S\u0142one od naszego ostatniego starcia zrobi\u0142 spory progres i tym razem nie by\u0142o to spotkanie na \u201emi\u0142ej przechadzce po lesie\u201d. Mimo trudnych warunk\u00f3w na boisku oraz ambitnej postawy gospodarzy, uda\u0142o si\u0119 wywalczy\u0107 zwyci\u0119stwo 4:2.<\/p>\n\n\n\n<h3 class=\"wp-block-heading\">Przebieg meczu<\/h3>\n\n\n\n<p>Zacz\u0119li\u015bmy jak marzenie \u2013 ju\u017c w 4. minucie Karol Koszelowski otworzy\u0142 wynik spotkania, niczym szef kuchni otwieraj\u0105cy restauracj\u0119 na \u015bniadanie. W 16. minucie Wandile Esposito wzi\u0105\u0142 przyk\u0142ad z or\u0142\u00f3w i pi\u0119knym uderzeniem g\u0142ow\u0105 podwoi\u0142 nasze prowadzenie. Po tej bramce mieli\u015bmy jeszcze kilka 100% sytuacji, ale najwyra\u017aniej celowniki zosta\u0142y w szatni \u2013 pi\u0142ka l\u0105dowa\u0142a wsz\u0119dzie, tylko nie w siatce. No i jak to w pi\u0142ce bywa niewykorzystane sytuacje si\u0119 mszcz\u0105. Tu\u017c przed przerw\u0105 gospodarze zdobyli bramk\u0119 kontaktow\u0105 i zamiast komfortowej przewagi, czeka\u0142a nas nerw\u00f3wka.<\/p>\n\n\n\n<p>Druga po\u0142owa zacz\u0119\u0142a si\u0119 od chwili grozy. W 59. minucie s\u0119dzia wskaza\u0142 na wapno dla Le\u015bnika, ale strza\u0142 w \u015bwietnym stylu wybroni\u0142 nasz bramkarz Maciej Marczak! Kilka minut p\u00f3\u017aniej, w 62. minucie, Thsepiso Monedi wzi\u0105\u0142 sprawy w swoje r\u0119ce (a w\u0142a\u015bciwie nogi) i pewnie wykona\u0142 rzut karny dla nas, podnosz\u0105c prowadzenie do 3:1. W 72. minucie Mi\u0142osz Korycki do\u0142o\u017cy\u0142 kolejn\u0105 bramk\u0119 i wydawa\u0142o si\u0119, \u017ce mamy mecz pod pe\u0142n\u0105 kontrol\u0105.<\/p>\n\n\n\n<p>W 76. minucie gospodarze postanowili jeszcze bardziej skomplikowa\u0107 sobie \u017cycie \u2013 jeden z ich zawodnik\u00f3w obejrza\u0142 czerwon\u0105 kartk\u0119 i Le\u015bnik musia\u0142 gra\u0107 w dziesi\u0105tk\u0119. Teoretycznie powinno by\u0107 \u0142atwiej, ale pi\u0142ka no\u017cna to sport pe\u0142en niespodzianek. W 88. minucie Le\u015bnik jeszcze raz znalaz\u0142 drog\u0119 do siatki, przypominaj\u0105c nam, \u017ce mecze ko\u0144cz\u0105 si\u0119 dopiero po ostatnim gwizdku.<\/p>\n\n\n\n<h3 class=\"wp-block-heading\">Podsumowanie<\/h3>\n\n\n\n<p>Le\u015bnik S\u0142one pokaza\u0142, \u017ce nie mo\u017cna ich lekcewa\u017cy\u0107 \u2013 rozwijaj\u0105 si\u0119 jak dobre wino, a my musieli\u015bmy si\u0119 sporo napoci\u0107, by wywie\u017a\u0107 komplet punkt\u00f3w. Boisko nie pomaga\u0142o \u2013 momentami bardziej przypomina\u0142o tor przeszk\u00f3d ni\u017c miejsce do grania w pi\u0142k\u0119. Jednak mimo wszystko uda\u0142o si\u0119 pokaza\u0107 kilka dobrych akcji i skutecznie dopisa\u0107 kolejne zwyci\u0119stwo do tabeli. Teraz czas na regeneracj\u0119 i kolejne wyzwania!<\/p>\n\n\n\n<h3 class=\"wp-block-heading\">Bramki dla Czarnych Pa\u0142ck:<\/h3>\n\n\n\n<p>Karol Koszelowski (4&#8242;)<\/p>\n\n\n\n<p>Wandile Esposito (16&#8242;)<\/p>\n\n\n\n<p>Thsepiso Monedi (62&#8242; &#8211; rzut karny)<\/p>\n\n\n\n<p>Mi\u0142osz Korycki (72&#8242;)<\/p>\n\n\n\n<p><\/p>\n","protected":false},"excerpt":{"rendered":"<p>Nie by\u0142o lekko, ale najwa\u017cniejsze, \u017ce 3 punkty wracaj\u0105 do Pa\u0142cka! Le\u015bnik S\u0142one od naszego ostatniego starcia zrobi\u0142 spory progres i tym razem nie by\u0142o to spotkanie na \u201emi\u0142ej przechadzce po lesie\u201d. Mimo trudnych warunk\u00f3w na boisku oraz ambitnej postawy gospodarzy, uda\u0142o si\u0119 wywalczy\u0107 zwyci\u0119stwo 4:2. Przebieg meczu Zacz\u0119li\u015bmy jak marzenie \u2013 ju\u017c w 4. [&hellip;]<\/p>\n","protected":false},"author":1,"featured_media":1694,"comment_status":"open","ping_status":"open","sticky":false,"template":"","format":"standard","meta":{"footnotes":""},"categories":[32],"tags":[],"class_list":["post-1693","post","type-post","status-publish","format-standard","has-post-thumbnail","hentry","category-liga"],"_links":{"self":[{"href":"https:\/\/czarnipalck.pl\/index.php\/wp-json\/wp\/v2\/posts\/1693","targetHints":{"allow":["GET"]}}],"collection":[{"href":"https:\/\/czarnipalck.pl\/index.php\/wp-json\/wp\/v2\/posts"}],"about":[{"href":"https:\/\/czarnipalck.pl\/index.php\/wp-json\/wp\/v2\/types\/post"}],"author":[{"embeddable":true,"href":"https:\/\/czarnipalck.pl\/index.php\/wp-json\/wp\/v2\/users\/1"}],"replies":[{"embeddable":true,"href":"https:\/\/czarnipalck.pl\/index.php\/wp-json\/wp\/v2\/comments?post=1693"}],"version-history":[{"count":1,"href":"https:\/\/czarnipalck.pl\/index.php\/wp-json\/wp\/v2\/posts\/1693\/revisions"}],"predecessor-version":[{"id":1695,"href":"https:\/\/czarnipalck.pl\/index.php\/wp-json\/wp\/v2\/posts\/1693\/revisions\/1695"}],"wp:featuredmedia":[{"embeddable":true,"href":"https:\/\/czarnipalck.pl\/index.php\/wp-json\/wp\/v2\/media\/1694"}],"wp:attachment":[{"href":"https:\/\/czarnipalck.pl\/index.php\/wp-json\/wp\/v2\/media?parent=1693"}],"wp:term":[{"taxonomy":"category","embeddable":true,"href":"https:\/\/czarnipalck.pl\/index.php\/wp-json\/wp\/v2\/categories?post=1693"},{"taxonomy":"post_tag","embeddable":true,"href":"https:\/\/czarnipalck.pl\/index.php\/wp-json\/wp\/v2\/tags?post=1693"}],"curies":[{"name":"wp","href":"https:\/\/api.w.org\/{rel}","templated":true}]}}