{"id":1720,"date":"2025-04-04T18:19:38","date_gmt":"2025-04-04T16:19:38","guid":{"rendered":"https:\/\/czarnipalck.pl\/?p=1720"},"modified":"2025-04-28T13:22:23","modified_gmt":"2025-04-28T11:22:23","slug":"w-niedziele-z-rakovia-rakow-kolejny-przystanek-na-wiosennej-trasie-czarnych-palck","status":"publish","type":"post","link":"https:\/\/czarnipalck.pl\/index.php\/2025\/04\/04\/w-niedziele-z-rakovia-rakow-kolejny-przystanek-na-wiosennej-trasie-czarnych-palck\/","title":{"rendered":"W niedziel\u0119 z Rakovi\u0105 Rak\u00f3w \u2013 kolejny przystanek na wiosennej trasie Czarnych Pa\u0142ck"},"content":{"rendered":"\n<p><\/p>\n\n\n\n<p>Wiosenna seria trwa! Po dw\u00f3ch zwyci\u0119stwach na pocz\u0105tek rundy, przed Czarnymi kolejne wyzwanie \u2013 ju\u017c w niedziel\u0119 o 14:00 na boisku w Pa\u0142cku zmierzymy si\u0119 z dru\u017cyn\u0105 <strong>Rakovia Rak\u00f3w<\/strong>.<\/p>\n\n\n\n<p>To rywal, kt\u00f3ry w ostatnich sezonach potrafi\u0142 napsu\u0107 krwi niejednej ekipie w naszej lidze. Rakovia nie kalkuluje \u2013 gra twardo, intensywnie i z charakterem. Ich styl gry to solidna mieszanka ambicji, walki o ka\u017cdy centymetr boiska i szybkich kontr, kt\u00f3re potrafi\u0105 zaskoczy\u0107 nawet dobrze zorganizowan\u0105 defensyw\u0119. Innymi s\u0142owy \u2013 na pewno nie b\u0119dzie to niedzielny spacerek.<\/p>\n\n\n\n<p>Dla nas b\u0119dzie to drugi mecz tej wiosny rozgrywany <strong>przed w\u0142asn\u0105 publiczno\u015bci\u0105<\/strong>. A wiadomo \u2013 domowe \u015bciany pomagaj\u0105, a doping naszych kibic\u00f3w niejednokrotnie wyci\u0105ga\u0142 dru\u017cyn\u0119 z opresji. Dlatego liczymy, \u017ce i tym razem kibice pomog\u0105, a wsparcie p\u0142yn\u0105ce z \u0142awki i zza ogrodzenia poniesie naszych zawodnik\u00f3w do kolejnego zwyci\u0119stwa.<\/p>\n\n\n\n<p>Forma dru\u017cyny? Wzrostowa. Nastroje? Optymistyczne. Kadra? Gotowa do boju. Po intensywnym okresie przygotowawczym, solidnym meczu w Pucharze Polski i dw\u00f3ch ligowych triumfach \u2013 Czarni s\u0105 gotowi, \u017ceby podj\u0105\u0107 kolejnego rywala.<\/p>\n\n\n\n<p>Spotkania z Rakovi\u0105 zawsze dostarczaj\u0105 emocji i nie brakuje w nich zwrot\u00f3w akcji. Spodziewamy si\u0119 twardej walki, ale te\u017c \u2013 jak przysta\u0142o na nas \u2013 kilku sk\u0142adnych akcji i by\u0107 mo\u017ce bramek, po kt\u00f3rych pi\u0142ka wyl\u0105duje nie tylko w siatce, ale te\u017c w serduszkach kibic\u00f3w \ud83d\udc9b\ud83d\udda4<\/p>\n\n\n\n<p>\ud83d\udccd<strong>Mecz: Czarni Pa\u0142ck \u2013 Rakovia Rak\u00f3w<\/strong><br>\ud83d\udcc5 <strong>Niedziela, 6 kwietnia <\/strong><br>\ud83d\udd51 <strong>Godzina 14:00<\/strong><br>\ud83d\udccc <strong>Boisko w Pa\u0142cku<\/strong><\/p>\n","protected":false},"excerpt":{"rendered":"<p>Wiosenna seria trwa! Po dw\u00f3ch zwyci\u0119stwach na pocz\u0105tek rundy, przed Czarnymi kolejne wyzwanie \u2013 ju\u017c w niedziel\u0119 o 14:00 na boisku w Pa\u0142cku zmierzymy si\u0119 z dru\u017cyn\u0105 Rakovia Rak\u00f3w. To rywal, kt\u00f3ry w ostatnich sezonach potrafi\u0142 napsu\u0107 krwi niejednej ekipie w naszej lidze. Rakovia nie kalkuluje \u2013 gra twardo, intensywnie i z charakterem. Ich styl [&hellip;]<\/p>\n","protected":false},"author":1,"featured_media":1721,"comment_status":"open","ping_status":"open","sticky":false,"template":"","format":"standard","meta":{"footnotes":""},"categories":[32],"tags":[],"class_list":["post-1720","post","type-post","status-publish","format-standard","has-post-thumbnail","hentry","category-liga"],"_links":{"self":[{"href":"https:\/\/czarnipalck.pl\/index.php\/wp-json\/wp\/v2\/posts\/1720","targetHints":{"allow":["GET"]}}],"collection":[{"href":"https:\/\/czarnipalck.pl\/index.php\/wp-json\/wp\/v2\/posts"}],"about":[{"href":"https:\/\/czarnipalck.pl\/index.php\/wp-json\/wp\/v2\/types\/post"}],"author":[{"embeddable":true,"href":"https:\/\/czarnipalck.pl\/index.php\/wp-json\/wp\/v2\/users\/1"}],"replies":[{"embeddable":true,"href":"https:\/\/czarnipalck.pl\/index.php\/wp-json\/wp\/v2\/comments?post=1720"}],"version-history":[{"count":1,"href":"https:\/\/czarnipalck.pl\/index.php\/wp-json\/wp\/v2\/posts\/1720\/revisions"}],"predecessor-version":[{"id":1722,"href":"https:\/\/czarnipalck.pl\/index.php\/wp-json\/wp\/v2\/posts\/1720\/revisions\/1722"}],"wp:featuredmedia":[{"embeddable":true,"href":"https:\/\/czarnipalck.pl\/index.php\/wp-json\/wp\/v2\/media\/1721"}],"wp:attachment":[{"href":"https:\/\/czarnipalck.pl\/index.php\/wp-json\/wp\/v2\/media?parent=1720"}],"wp:term":[{"taxonomy":"category","embeddable":true,"href":"https:\/\/czarnipalck.pl\/index.php\/wp-json\/wp\/v2\/categories?post=1720"},{"taxonomy":"post_tag","embeddable":true,"href":"https:\/\/czarnipalck.pl\/index.php\/wp-json\/wp\/v2\/tags?post=1720"}],"curies":[{"name":"wp","href":"https:\/\/api.w.org\/{rel}","templated":true}]}}