{"id":1727,"date":"2025-04-12T09:00:23","date_gmt":"2025-04-12T07:00:23","guid":{"rendered":"https:\/\/czarnipalck.pl\/?p=1727"},"modified":"2025-04-28T13:22:09","modified_gmt":"2025-04-28T11:22:09","slug":"zapowiedz-meczu-klon-babimost-vs-czarni-palck","status":"publish","type":"post","link":"https:\/\/czarnipalck.pl\/index.php\/2025\/04\/12\/zapowiedz-meczu-klon-babimost-vs-czarni-palck\/","title":{"rendered":"Zapowied\u017a meczu: Klon Babimost vs Czarni Pa\u0142ck"},"content":{"rendered":"\n<p>\ud83d\udcc5 <strong>Niedziela, 13 kwietnia<\/strong> | \ud83d\udd52 <strong>Godzina: 15:00<\/strong> | \ud83c\udfdf <strong>Stadion w Babimo\u015bcie<\/strong><\/p>\n\n\n\n<p>W najbli\u017csz\u0105 niedziel\u0119 wybieramy si\u0119 na jeden z lepszych stadion\u00f3w w naszym wojew\u00f3dztwie \u2013 solidnie przygotowany, estetyczny obiekt w Babimo\u015bcie, gdzie o 15:00 zmierzymy si\u0119 z miejscowym Klonem w kolejnym meczu ligowym.<\/p>\n\n\n\n<p>Po efektownej wygranej 5:0 z Rakovi\u0105 Rak\u00f3w i wcze\u015bniejszych dobrych wyst\u0119pach, nasz zesp\u00f3\u0142 jedzie po kolejne punkty \u2013 cho\u0107 wiemy, \u017ce \u0142atwo nie b\u0119dzie. Klon Babimost to zesp\u00f3\u0142 ambitny, kt\u00f3ry zw\u0142aszcza na w\u0142asnym boisku potrafi postawi\u0107 trudne warunki. Walcz\u0105 o ka\u017cd\u0105 pi\u0142k\u0119, graj\u0105 do ko\u0144ca i na pewno nie zamierzaj\u0105 by\u0107 tylko t\u0142em tego spotkania.<\/p>\n\n\n\n<p>Czarni Pa\u0142ck nie b\u0119d\u0105 w tym meczu dysponowa\u0107 szerok\u0105 kadr\u0105 \u2013 kontuzje i drobne urazy niestety daj\u0105 si\u0119 we znaki, a niekt\u00f3rzy zawodnicy b\u0119d\u0105 musieli ponownie wyst\u0105pi\u0107 na nietypowych dla siebie pozycjach. Ale jak pokazali\u015bmy ostatnio \u2013 to nie przeszkadza nam w grze na wysokim poziomie.<\/p>\n\n\n\n<p>Liczymy, \u017ce mimo wyjazdu, nasi kibice pojawi\u0105 si\u0119 na trybunach i pomog\u0105 nam w walce o kolejne zwyci\u0119stwo. Z waszym wsparciem wszystko jest mo\u017cliwe!<\/p>\n\n\n\n<p>Do zobaczenia w Babimo\u015bcie \u2013 gramy dalej!<\/p>\n","protected":false},"excerpt":{"rendered":"<p>\ud83d\udcc5 Niedziela, 13 kwietnia | \ud83d\udd52 Godzina: 15:00 | \ud83c\udfdf Stadion w Babimo\u015bcie W najbli\u017csz\u0105 niedziel\u0119 wybieramy si\u0119 na jeden z lepszych stadion\u00f3w w naszym wojew\u00f3dztwie \u2013 solidnie przygotowany, estetyczny obiekt w Babimo\u015bcie, gdzie o 15:00 zmierzymy si\u0119 z miejscowym Klonem w kolejnym meczu ligowym. Po efektownej wygranej 5:0 z Rakovi\u0105 Rak\u00f3w i wcze\u015bniejszych dobrych [&hellip;]<\/p>\n","protected":false},"author":1,"featured_media":1728,"comment_status":"open","ping_status":"open","sticky":false,"template":"","format":"standard","meta":{"footnotes":""},"categories":[32],"tags":[],"class_list":["post-1727","post","type-post","status-publish","format-standard","has-post-thumbnail","hentry","category-liga"],"_links":{"self":[{"href":"https:\/\/czarnipalck.pl\/index.php\/wp-json\/wp\/v2\/posts\/1727","targetHints":{"allow":["GET"]}}],"collection":[{"href":"https:\/\/czarnipalck.pl\/index.php\/wp-json\/wp\/v2\/posts"}],"about":[{"href":"https:\/\/czarnipalck.pl\/index.php\/wp-json\/wp\/v2\/types\/post"}],"author":[{"embeddable":true,"href":"https:\/\/czarnipalck.pl\/index.php\/wp-json\/wp\/v2\/users\/1"}],"replies":[{"embeddable":true,"href":"https:\/\/czarnipalck.pl\/index.php\/wp-json\/wp\/v2\/comments?post=1727"}],"version-history":[{"count":2,"href":"https:\/\/czarnipalck.pl\/index.php\/wp-json\/wp\/v2\/posts\/1727\/revisions"}],"predecessor-version":[{"id":1740,"href":"https:\/\/czarnipalck.pl\/index.php\/wp-json\/wp\/v2\/posts\/1727\/revisions\/1740"}],"wp:featuredmedia":[{"embeddable":true,"href":"https:\/\/czarnipalck.pl\/index.php\/wp-json\/wp\/v2\/media\/1728"}],"wp:attachment":[{"href":"https:\/\/czarnipalck.pl\/index.php\/wp-json\/wp\/v2\/media?parent=1727"}],"wp:term":[{"taxonomy":"category","embeddable":true,"href":"https:\/\/czarnipalck.pl\/index.php\/wp-json\/wp\/v2\/categories?post=1727"},{"taxonomy":"post_tag","embeddable":true,"href":"https:\/\/czarnipalck.pl\/index.php\/wp-json\/wp\/v2\/tags?post=1727"}],"curies":[{"name":"wp","href":"https:\/\/api.w.org\/{rel}","templated":true}]}}