{"id":1811,"date":"2025-04-28T13:16:23","date_gmt":"2025-04-28T11:16:23","guid":{"rendered":"https:\/\/czarnipalck.pl\/?p=1811"},"modified":"2025-04-28T13:21:43","modified_gmt":"2025-04-28T11:21:43","slug":"czarni-palck-141-piast-gluchow","status":"publish","type":"post","link":"https:\/\/czarnipalck.pl\/index.php\/2025\/04\/28\/czarni-palck-141-piast-gluchow\/","title":{"rendered":"Czarni Pa\u0142ck 14:1 Piast G\u0142uch\u00f3w"},"content":{"rendered":"\n<p>\ud83d\udcc5 Niedziela, 27 kwietnia 2025 | \ud83d\udd52 Godzina: 15:00 | \ud83c\udfdf Boisko w Pa\u0142cku<\/p>\n\n\n\n<p>W s\u0142oneczne niedzielne popo\u0142udnie kibice zgromadzeni w Pa\u0142cku byli \u015bwiadkami niesamowitego widowiska! Nasza dru\u017cyna pewnie pokona\u0142a Piasta G\u0142uch\u00f3w a\u017c <strong>14:1<\/strong>, cho\u0107 pocz\u0105tki wcale nie zapowiada\u0142y takiego wyniku.<\/p>\n\n\n\n<p>Od pierwszych minut ostrzeliwali\u015bmy bramk\u0119 go\u015bci, ale bramkarz Piasta by\u0142 w pierwszej po\u0142owie jak zaczarowany \u2013 wyci\u0105ga\u0142 kolejne nasze strza\u0142y, czym doprowadza\u0142 nas do lekkiej frustracji. Jakby tego by\u0142o ma\u0142o, <strong>to go\u015bcie pierwsi obj\u0119li prowadzenie<\/strong> \u2013 w 27. minucie Sebastian Tomiak wykorzysta\u0142 wrzutk\u0119 z rzutu ro\u017cnego i wpakowa\u0142 pi\u0142k\u0119 do naszej siatki.<\/p>\n\n\n\n<p>Na szcz\u0119\u015bcie ten zimny prysznic podzia\u0142a\u0142 na nasz\u0105 dru\u017cyn\u0119 jak budzik o 6 rano! Ju\u017c w 40. i 41. minucie <strong>Ivan Mazur<\/strong> dwukrotnie pokona\u0142 bramkarza go\u015bci, a tu\u017c po przerwie skompletowa\u0142 hat-tricka, trafiaj\u0105c na 3:1 w 48. minucie. P\u00f3\u017aniej worek z bramkami rozwi\u0105za\u0142 si\u0119 na dobre:<\/p>\n\n\n\n<p>Nasze gole:<br>\u26bd Ivan Mazur (40&#8242;, 41&#8242;, 48&#8242;, 85&#8242;)<br>\u26bd \u0141ukasz Partyka (50&#8242;)<br>\u26bd Wandile Esposito (54&#8242;)<br>\u26bd Maciej Depta (59&#8242;)<br>\u26bd Tomasz Kucko (64&#8242;)<br>\u26bd Tshepiso Monedi (65&#8242;, 77&#8242;)<br>\u26bd Jacek Pancerz (73&#8242;)<br>\u26bd Mi\u0142osz Korycki (87&#8242;)<br>\u26bd Maciej Marczak (89&#8242;) \u2013 tak, nasz bramkarz! \ud83d\ude04<br>\u26bd Oleksandr Sliusarenko (90&#8242;)<\/p>\n\n\n\n<p><\/p>\n\n\n\n<p><strong>Podsumowuj\u0105c<\/strong>: Cho\u0107 mecz zacz\u0105\u0142 si\u0119 nerwowo, potem pokazali\u015bmy, \u017ce wiemy, jak gra\u0107 ofensywnie i skutecznie. Szacunek dla Piasta G\u0142uch\u00f3w za walk\u0119 do ko\u0144ca i podj\u0119cie r\u0119kawicy mimo trudnej sytuacji.<\/p>\n\n\n\n<p>Teraz pe\u0142na koncentracja na kolejnych wyzwaniach ligowych, Dzi\u0119kujemy kibicom za doping i obecno\u015b\u0107!<\/p>\n\n\n\n<p><\/p>\n","protected":false},"excerpt":{"rendered":"<p>\ud83d\udcc5 Niedziela, 27 kwietnia 2025 | \ud83d\udd52 Godzina: 15:00 | \ud83c\udfdf Boisko w Pa\u0142cku W s\u0142oneczne niedzielne popo\u0142udnie kibice zgromadzeni w Pa\u0142cku byli \u015bwiadkami niesamowitego widowiska! Nasza dru\u017cyna pewnie pokona\u0142a Piasta G\u0142uch\u00f3w a\u017c 14:1, cho\u0107 pocz\u0105tki wcale nie zapowiada\u0142y takiego wyniku. Od pierwszych minut ostrzeliwali\u015bmy bramk\u0119 go\u015bci, ale bramkarz Piasta by\u0142 w pierwszej po\u0142owie jak [&hellip;]<\/p>\n","protected":false},"author":1,"featured_media":1812,"comment_status":"open","ping_status":"open","sticky":false,"template":"","format":"standard","meta":{"footnotes":""},"categories":[32],"tags":[],"class_list":["post-1811","post","type-post","status-publish","format-standard","has-post-thumbnail","hentry","category-liga"],"_links":{"self":[{"href":"https:\/\/czarnipalck.pl\/index.php\/wp-json\/wp\/v2\/posts\/1811","targetHints":{"allow":["GET"]}}],"collection":[{"href":"https:\/\/czarnipalck.pl\/index.php\/wp-json\/wp\/v2\/posts"}],"about":[{"href":"https:\/\/czarnipalck.pl\/index.php\/wp-json\/wp\/v2\/types\/post"}],"author":[{"embeddable":true,"href":"https:\/\/czarnipalck.pl\/index.php\/wp-json\/wp\/v2\/users\/1"}],"replies":[{"embeddable":true,"href":"https:\/\/czarnipalck.pl\/index.php\/wp-json\/wp\/v2\/comments?post=1811"}],"version-history":[{"count":2,"href":"https:\/\/czarnipalck.pl\/index.php\/wp-json\/wp\/v2\/posts\/1811\/revisions"}],"predecessor-version":[{"id":1815,"href":"https:\/\/czarnipalck.pl\/index.php\/wp-json\/wp\/v2\/posts\/1811\/revisions\/1815"}],"wp:featuredmedia":[{"embeddable":true,"href":"https:\/\/czarnipalck.pl\/index.php\/wp-json\/wp\/v2\/media\/1812"}],"wp:attachment":[{"href":"https:\/\/czarnipalck.pl\/index.php\/wp-json\/wp\/v2\/media?parent=1811"}],"wp:term":[{"taxonomy":"category","embeddable":true,"href":"https:\/\/czarnipalck.pl\/index.php\/wp-json\/wp\/v2\/categories?post=1811"},{"taxonomy":"post_tag","embeddable":true,"href":"https:\/\/czarnipalck.pl\/index.php\/wp-json\/wp\/v2\/tags?post=1811"}],"curies":[{"name":"wp","href":"https:\/\/api.w.org\/{rel}","templated":true}]}}